{"id":1586,"date":"2025-06-11T17:43:35","date_gmt":"2025-06-11T15:43:35","guid":{"rendered":"https:\/\/cieatoutrompre.fr\/?p=1586"},"modified":"2025-08-20T18:49:23","modified_gmt":"2025-08-20T16:49:23","slug":"la-quete-des-legendes","status":"publish","type":"post","link":"https:\/\/cieatoutrompre.fr\/index.php\/2025\/06\/11\/la-quete-des-legendes\/","title":{"rendered":"La qu\u00eate des l\u00e9gendes"},"content":{"rendered":"\n<p class=\"has-text-align-center has-primary-color has-text-color has-link-color has-small-font-size wp-elements-e373f8d315afe165e6d64d4a85f69258\">Cr\u00e9ation collective des travailleurs de L&rsquo;ESAT de Mardeuil accompagn\u00e9s par Justine Rouet Chabaux<\/p>\n\n\n\n<div class=\"wp-block-cover alignfull is-light has-primary-color has-text-color has-link-color wp-elements-388758bbe071673c12aacd3fa6cc6ac6 wp-duotone-unset-1\"><span aria-hidden=\"true\" class=\"wp-block-cover__background has-background-dim\" style=\"background-color:#dc1212\"><\/span><div class=\"wp-block-cover__inner-container is-layout-constrained wp-block-cover-is-layout-constrained\">\n<h2 class=\"wp-block-heading alignfull has-text-align-center has-primary-color has-text-color has-background has-link-color wp-elements-f5ff853deb3dde99cc8117e734b67daf\" style=\"background-color:#c2454d\"><strong>CALENDRIER<\/strong><\/h2>\n\n\n\n<div style=\"height:9px\" aria-hidden=\"true\" class=\"wp-block-spacer\"><\/div>\n\n\n\n<div class=\"wp-block-columns alignfull are-vertically-aligned-top is-layout-flex wp-container-core-columns-is-layout-9d6595d7 wp-block-columns-is-layout-flex\">\n<div class=\"wp-block-column is-vertically-aligned-top is-layout-flow wp-block-column-is-layout-flow\">\n<h5><span style=\"color: #ffffff;\"><strong>11 juin 2025<\/strong><\/span><br \/><span style=\"color: #ffffff;\"><strong>Th\u00e9\u00e2tre Salmanazar (Epernay)<\/strong><\/span><\/h5>\n<\/div>\n\n\n\n<div class=\"wp-block-column is-vertically-aligned-top is-layout-flow wp-block-column-is-layout-flow\">\n<h5 style=\"text-align: right;\"><span style=\"color: #ffffff;\"><strong>16 juin 2025 2025<br \/>Th\u00e9\u00e2tre Salmanazar (Epernay)\u00a0<\/strong><\/span><\/h5>\n<\/div>\n<\/div>\n\n\n\n<div class=\"wp-block-columns alignfull are-vertically-aligned-top is-layout-flex wp-container-core-columns-is-layout-9d6595d7 wp-block-columns-is-layout-flex\">\n<div class=\"wp-block-column is-vertically-aligned-top is-layout-flow wp-block-column-is-layout-flow\">\n<h5><span style=\"color: #ffffff;\"><strong>23 juin 2025<\/strong><\/span><br \/><span style=\"color: #ffffff;\"><strong>Th\u00e9\u00e2tre Salmanazar (Epernay)<\/strong><\/span><\/h5>\n<\/div>\n\n\n\n<div class=\"wp-block-column is-vertically-aligned-top is-layout-flow wp-block-column-is-layout-flow\"><\/div>\n<\/div>\n<\/div><\/div>\n\n\n\n<figure class=\"wp-block-gallery alignwide has-nested-images columns-default is-cropped wp-block-gallery-2 is-layout-flex wp-block-gallery-is-layout-flex\">\n<figure class=\"wp-block-image size-large\"><img loading=\"lazy\" decoding=\"async\" width=\"1024\" height=\"768\" data-id=\"1608\" src=\"https:\/\/cieatoutrompre.fr\/wp-content\/uploads\/2025\/08\/IMG-20250709-WA0013-1024x768.jpg\" alt=\"Compagnie A Tout Rompre- Reims- La qu\u00eate des l\u00e9gendes - Th\u00e9\u00e2tre- https:\/\/cieatoutrompre.fr\" class=\"wp-image-1608\" srcset=\"https:\/\/cieatoutrompre.fr\/wp-content\/uploads\/2025\/08\/IMG-20250709-WA0013-1024x768.jpg 1024w, https:\/\/cieatoutrompre.fr\/wp-content\/uploads\/2025\/08\/IMG-20250709-WA0013-300x225.jpg 300w, https:\/\/cieatoutrompre.fr\/wp-content\/uploads\/2025\/08\/IMG-20250709-WA0013-768x576.jpg 768w, https:\/\/cieatoutrompre.fr\/wp-content\/uploads\/2025\/08\/IMG-20250709-WA0013.jpg 1159w\" sizes=\"auto, (max-width: 1024px) 100vw, 1024px\" \/><\/figure>\n\n\n\n<figure class=\"wp-block-image size-large\"><img loading=\"lazy\" decoding=\"async\" width=\"651\" height=\"869\" data-id=\"1609\" src=\"https:\/\/cieatoutrompre.fr\/wp-content\/uploads\/2025\/08\/IMG-20250709-WA0015.jpg\" alt=\"Compagnie A Tout Rompre- Reims- La qu\u00eate des l\u00e9gendes - Th\u00e9\u00e2tre- https:\/\/cieatoutrompre.fr\" class=\"wp-image-1609\" srcset=\"https:\/\/cieatoutrompre.fr\/wp-content\/uploads\/2025\/08\/IMG-20250709-WA0015.jpg 651w, https:\/\/cieatoutrompre.fr\/wp-content\/uploads\/2025\/08\/IMG-20250709-WA0015-225x300.jpg 225w\" sizes=\"auto, (max-width: 651px) 100vw, 651px\" \/><\/figure>\n\n\n\n<figure class=\"wp-block-image size-large\"><img loading=\"lazy\" decoding=\"async\" width=\"651\" height=\"869\" data-id=\"1610\" src=\"https:\/\/cieatoutrompre.fr\/wp-content\/uploads\/2025\/08\/IMG-20250709-WA0016.jpg\" alt=\"Compagnie A Tout Rompre- Reims- La qu\u00eate des l\u00e9gendes - Th\u00e9\u00e2tre- https:\/\/cieatoutrompre.fr\" class=\"wp-image-1610\" srcset=\"https:\/\/cieatoutrompre.fr\/wp-content\/uploads\/2025\/08\/IMG-20250709-WA0016.jpg 651w, https:\/\/cieatoutrompre.fr\/wp-content\/uploads\/2025\/08\/IMG-20250709-WA0016-225x300.jpg 225w\" sizes=\"auto, (max-width: 651px) 100vw, 651px\" \/><\/figure>\n\n\n\n<figure class=\"wp-block-image size-large\"><a href=\"https:\/\/www.lhebdoduvendredi.com\/article\/52759\/les-travailleurs-de-lesat-de-mardeuil-font-le-spectacle-a-epernay\"><img loading=\"lazy\" decoding=\"async\" width=\"616\" height=\"1024\" data-id=\"1611\" src=\"https:\/\/cieatoutrompre.fr\/wp-content\/uploads\/2025\/08\/article-La-quete-des-legendes-1-616x1024.jpg\" alt=\"Compagnie A Tout Rompre- Reims- La qu\u00eate des l\u00e9gendes - Th\u00e9\u00e2tre- https:\/\/cieatoutrompre.fr\" class=\"wp-image-1611\" srcset=\"https:\/\/cieatoutrompre.fr\/wp-content\/uploads\/2025\/08\/article-La-quete-des-legendes-1-616x1024.jpg 616w, https:\/\/cieatoutrompre.fr\/wp-content\/uploads\/2025\/08\/article-La-quete-des-legendes-1-180x300.jpg 180w, https:\/\/cieatoutrompre.fr\/wp-content\/uploads\/2025\/08\/article-La-quete-des-legendes-1-768x1277.jpg 768w, https:\/\/cieatoutrompre.fr\/wp-content\/uploads\/2025\/08\/article-La-quete-des-legendes-1-924x1536.jpg 924w, https:\/\/cieatoutrompre.fr\/wp-content\/uploads\/2025\/08\/article-La-quete-des-legendes-1.jpg 1018w\" sizes=\"auto, (max-width: 616px) 100vw, 616px\" \/><\/a><\/figure>\n<\/figure>\n","protected":false},"excerpt":{"rendered":"<p>Cr\u00e9ation collective des travailleurs de L&rsquo;ESAT de Mardeuil accompagn\u00e9s par Justine Rouet Chabaux<\/p>\n","protected":false},"author":1,"featured_media":1647,"comment_status":"closed","ping_status":"closed","sticky":false,"template":"","format":"standard","meta":{"footnotes":""},"categories":[2,9],"tags":[],"class_list":["post-1586","post","type-post","status-publish","format-standard","has-post-thumbnail","hentry","category-anciens-spectacles-amateurs","category-spectacles-amateurs"],"_links":{"self":[{"href":"https:\/\/cieatoutrompre.fr\/index.php\/wp-json\/wp\/v2\/posts\/1586","targetHints":{"allow":["GET"]}}],"collection":[{"href":"https:\/\/cieatoutrompre.fr\/index.php\/wp-json\/wp\/v2\/posts"}],"about":[{"href":"https:\/\/cieatoutrompre.fr\/index.php\/wp-json\/wp\/v2\/types\/post"}],"author":[{"embeddable":true,"href":"https:\/\/cieatoutrompre.fr\/index.php\/wp-json\/wp\/v2\/users\/1"}],"replies":[{"embeddable":true,"href":"https:\/\/cieatoutrompre.fr\/index.php\/wp-json\/wp\/v2\/comments?post=1586"}],"version-history":[{"count":6,"href":"https:\/\/cieatoutrompre.fr\/index.php\/wp-json\/wp\/v2\/posts\/1586\/revisions"}],"predecessor-version":[{"id":1625,"href":"https:\/\/cieatoutrompre.fr\/index.php\/wp-json\/wp\/v2\/posts\/1586\/revisions\/1625"}],"wp:featuredmedia":[{"embeddable":true,"href":"https:\/\/cieatoutrompre.fr\/index.php\/wp-json\/wp\/v2\/media\/1647"}],"wp:attachment":[{"href":"https:\/\/cieatoutrompre.fr\/index.php\/wp-json\/wp\/v2\/media?parent=1586"}],"wp:term":[{"taxonomy":"category","embeddable":true,"href":"https:\/\/cieatoutrompre.fr\/index.php\/wp-json\/wp\/v2\/categories?post=1586"},{"taxonomy":"post_tag","embeddable":true,"href":"https:\/\/cieatoutrompre.fr\/index.php\/wp-json\/wp\/v2\/tags?post=1586"}],"curies":[{"name":"wp","href":"https:\/\/api.w.org\/{rel}","templated":true}]}}