{"id":1560,"date":"2025-06-13T18:10:00","date_gmt":"2025-06-13T16:10:00","guid":{"rendered":"https:\/\/cieatoutrompre.fr\/?p=1560"},"modified":"2025-08-20T17:43:12","modified_gmt":"2025-08-20T15:43:12","slug":"festival-des-recits-2025","status":"publish","type":"post","link":"https:\/\/cieatoutrompre.fr\/index.php\/2025\/06\/13\/festival-des-recits-2025\/","title":{"rendered":"Festival des r\u00e9cits 2025"},"content":{"rendered":"\n<div class=\"wp-block-group alignfull has-primary-color has-midnight-gradient-background has-text-color has-background has-link-color wp-elements-67d06f0d791763f6456dae7897200c2f\"><div class=\"wp-block-group__inner-container is-layout-constrained wp-block-group-is-layout-constrained\">\n<p class=\"has-text-align-center has-primary-color has-text-color has-link-color has-larger-font-size wp-elements-f4b8eab58ebba0c172bc1379e44072a4\">Voici les travaux qui y \u00e9taient pr\u00e9sent\u00e9s :<\/p>\n\n\n\n<p class=\"has-primary-color has-text-color has-background has-link-color has-large-font-size wp-elements-457f315e8c34fb91cf1f50b8cd19eb9d\" style=\"background-color:#4c92c8\">\u00ab&nbsp;Odyss\u00e9e de parents&nbsp;\u00bb &#8211; restitution de l\u2019atelier d\u2019\u00e9criture du service p\u00e9dopsychiatrie du CHU de Reims en lien avec leurs enfants autistes <\/p>\n\n\n\n<p class=\"has-primary-color has-text-color has-background has-link-color has-large-font-size wp-elements-862d3c0c287703d0b90d9a434bef7795\" style=\"background-color:#4676a3\">La cr\u00e9ation du Foyer de l\u2019Arche @archeareimsofficiel <\/p>\n\n\n\n<p class=\"has-primary-color has-text-color has-background has-link-color has-large-font-size wp-elements-67f9a0133ca08571620a718ab8335933\" style=\"background-color:#134b8f\">\u00ab&nbsp;CHARMED&nbsp;\u00bb &#8211; cr\u00e9ation du Foyer de vie l\u2019Aurore <\/p>\n\n\n\n<p class=\"has-primary-color has-text-color has-background has-link-color has-large-font-size wp-elements-b66ee2813e254672c4febfbb7aeb469a\" style=\"background-color:#1b155e\">La cr\u00e9ation \u00ab&nbsp;Les Impro\u2019visibles&nbsp;\u00bb du Foyer Cognaqc-Jay<\/p>\n<\/div><\/div>\n\n\n\n<h1 class=\"wp-block-heading has-text-align-center has-primary-color has-text-color has-link-color has-larger-font-size wp-elements-63101e1098b36e24f9a3c6e2a4f1eb16\">VID\u00c9O R\u00c9CAP<\/h1>\n\n\n\n<figure class=\"wp-block-video\"><video height=\"1920\" style=\"aspect-ratio: 1080 \/ 1920;\" width=\"1080\" controls src=\"http:\/\/cieatoutrompre.fr\/wp-content\/uploads\/2025\/08\/video-recap-festival-des-recits.mov\"><\/video><\/figure>\n","protected":false},"excerpt":{"rendered":"<p>Lors de la quatri\u00e8me \u00e9dition du festival des r\u00e9cits, notre compagnie a eu l&rsquo;honneur de d\u00e9voiler le travail de plusieurs \u00e9quipes avec le soutien de Justine Rouet Chabaux sur sc\u00e8ne et \u00e0 la mise en sc\u00e8ne.<\/p>\n","protected":false},"author":1,"featured_media":1571,"comment_status":"closed","ping_status":"closed","sticky":false,"template":"","format":"standard","meta":{"footnotes":""},"categories":[2,9],"tags":[],"class_list":["post-1560","post","type-post","status-publish","format-standard","has-post-thumbnail","hentry","category-anciens-spectacles-amateurs","category-spectacles-amateurs"],"_links":{"self":[{"href":"https:\/\/cieatoutrompre.fr\/index.php\/wp-json\/wp\/v2\/posts\/1560","targetHints":{"allow":["GET"]}}],"collection":[{"href":"https:\/\/cieatoutrompre.fr\/index.php\/wp-json\/wp\/v2\/posts"}],"about":[{"href":"https:\/\/cieatoutrompre.fr\/index.php\/wp-json\/wp\/v2\/types\/post"}],"author":[{"embeddable":true,"href":"https:\/\/cieatoutrompre.fr\/index.php\/wp-json\/wp\/v2\/users\/1"}],"replies":[{"embeddable":true,"href":"https:\/\/cieatoutrompre.fr\/index.php\/wp-json\/wp\/v2\/comments?post=1560"}],"version-history":[{"count":8,"href":"https:\/\/cieatoutrompre.fr\/index.php\/wp-json\/wp\/v2\/posts\/1560\/revisions"}],"predecessor-version":[{"id":1581,"href":"https:\/\/cieatoutrompre.fr\/index.php\/wp-json\/wp\/v2\/posts\/1560\/revisions\/1581"}],"wp:featuredmedia":[{"embeddable":true,"href":"https:\/\/cieatoutrompre.fr\/index.php\/wp-json\/wp\/v2\/media\/1571"}],"wp:attachment":[{"href":"https:\/\/cieatoutrompre.fr\/index.php\/wp-json\/wp\/v2\/media?parent=1560"}],"wp:term":[{"taxonomy":"category","embeddable":true,"href":"https:\/\/cieatoutrompre.fr\/index.php\/wp-json\/wp\/v2\/categories?post=1560"},{"taxonomy":"post_tag","embeddable":true,"href":"https:\/\/cieatoutrompre.fr\/index.php\/wp-json\/wp\/v2\/tags?post=1560"}],"curies":[{"name":"wp","href":"https:\/\/api.w.org\/{rel}","templated":true}]}}