{"id":1320,"date":"2024-04-14T10:04:00","date_gmt":"2024-04-14T08:04:00","guid":{"rendered":"https:\/\/cieatoutrompre.fr\/?p=1320"},"modified":"2025-08-20T12:40:46","modified_gmt":"2025-08-20T10:40:46","slug":"la-deuxieme-chance-au-festival-des-recits","status":"publish","type":"post","link":"https:\/\/cieatoutrompre.fr\/index.php\/2024\/04\/14\/la-deuxieme-chance-au-festival-des-recits\/","title":{"rendered":"La deuxi\u00e8me chance, au festival des r\u00e9cits"},"content":{"rendered":"\n<p class=\"has-text-align-center has-primary-color has-text-color has-link-color has-small-font-size wp-elements-92ad902bdd71118c85f4ac65f3d43071\">Cr\u00e9ation collective pr\u00e9sent\u00e9 par le Foyer Aurore et la Compagnie \u00c0 Tout Rompre<\/p>\n\n\n\n<h1 class=\"wp-block-heading alignfull has-text-align-center has-primary-color has-text-color has-link-color wp-elements-865ba578ed901919570d7ea2afeaf66a\">DATES DU SPECTACLE<\/h1>\n\n\n\n<hr class=\"wp-block-separator alignfull has-alpha-channel-opacity is-style-default\"\/>\n\n\n\n<div class=\"wp-block-cover alignfull is-light has-primary-color has-text-color has-link-color wp-elements-250b6a325cc091ed4f536e5ed1799420 wp-duotone-unset-1\"><span aria-hidden=\"true\" class=\"wp-block-cover__background has-secondary-background-color has-background-dim\"><\/span><div class=\"wp-block-cover__inner-container is-layout-constrained wp-block-cover-is-layout-constrained\">\n<h2 class=\"wp-block-heading alignfull has-text-align-center has-primary-color has-secondary-background-color has-text-color has-background has-link-color wp-elements-2f290b94ff33134dd564066175b0d9eb\"><strong>CALENDRIER<\/strong><\/h2>\n\n\n\n<div style=\"height:9px\" aria-hidden=\"true\" class=\"wp-block-spacer\"><\/div>\n\n\n\n<div class=\"wp-block-columns alignfull are-vertically-aligned-top is-layout-flex wp-container-core-columns-is-layout-9d6595d7 wp-block-columns-is-layout-flex\">\n<div class=\"wp-block-column is-vertically-aligned-top is-layout-flow wp-block-column-is-layout-flow\">\n<h5><span style=\"color: #ff0000;\"><strong>Mardi 14 juin 2024 \u00e0 14h<\/strong><\/span><br \/><span style=\"color: #ff0000;\"><strong>Chapiteau le Temps des Cerises<\/strong><\/span><\/h5>\n\n\n\n<p>Parking de l&rsquo;hippodrome, rue Marie-Dominique Maingot, 51100 Reims<\/p>\n<\/div>\n\n\n\n<div class=\"wp-block-column is-vertically-aligned-top is-layout-flow wp-block-column-is-layout-flow\">\n<h5 style=\"text-align: right;\"><span style=\"color: #ff0000;\"><strong>Vendredi 5 juillet 2024 \u00e0 14h<br \/>Foyer Aurore\u00a0<\/strong><\/span><\/h5>\n\n\n\n<p class=\"has-text-align-right\">15 rue de Danube, 51100 Reims<\/p>\n<\/div>\n<\/div>\n<\/div><\/div>\n\n\n\n<hr class=\"wp-block-separator alignfull has-alpha-channel-opacity is-style-default\"\/>\n\n\n\n<div class=\"wp-block-cover alignfull is-light has-primary-color has-text-color has-link-color wp-elements-cdf49bdcf39bbde9a26aefd73d7f0a9e wp-duotone-unset-2\"><span aria-hidden=\"true\" class=\"wp-block-cover__background has-subtle-background-background-color has-background-dim\"><\/span><div class=\"wp-block-cover__inner-container is-layout-constrained wp-block-cover-is-layout-constrained\">\n<h2 class=\"wp-block-heading alignfull has-text-align-center has-primary-color has-subtle-background-background-color has-text-color has-background has-link-color wp-elements-159ff7b674011d4a9156ea0d7d3fc267\"><strong>DISTRIBUTION<\/strong><\/h2>\n\n\n\n<div style=\"height:9px\" aria-hidden=\"true\" class=\"wp-block-spacer\"><\/div>\n\n\n\n<div class=\"wp-block-columns alignfull are-vertically-aligned-top is-layout-flex wp-container-core-columns-is-layout-9d6595d7 wp-block-columns-is-layout-flex\">\n<div class=\"wp-block-column is-vertically-aligned-top is-layout-flow wp-block-column-is-layout-flow\">\n<h4>Xavier Brice<br \/>Stella CHANTRENS<br \/>Mathieu CORVISY<br \/>Sophian DRISSI EN KASMI<br \/>Bastien DUCHAUSSOIS<br \/>Vivien LEFEBVRE<br \/>Julie MARAIS<\/h4>\n<\/div>\n\n\n\n<div class=\"wp-block-column is-vertically-aligned-top is-layout-flow wp-block-column-is-layout-flow\">\n<h4 style=\"text-align: left;\"><span style=\"color: #ffffff;\"><strong>Alexis NAMUR<br \/>C\u00e9line PICOT<br \/>Justine ROUET CHABAUX<br \/>Fr\u00e9d\u00e9ric ROYER<br \/>Alice VOLANT <br \/>Clarisse ZULSKE<\/strong><\/span><\/h4>\n<\/div>\n<\/div>\n<\/div><\/div>\n\n\n\n<hr class=\"wp-block-separator alignfull has-alpha-channel-opacity is-style-default\"\/>\n","protected":false},"excerpt":{"rendered":"<p>Le 14 juin 2024 au chapiteau le Temps des Cerises. Cr\u00e9ation collective pr\u00e9sent\u00e9e par le Foyer Aurore et la compagnie \u00c0 Tout Rompre<\/p>\n","protected":false},"author":1,"featured_media":1360,"comment_status":"closed","ping_status":"closed","sticky":false,"template":"","format":"standard","meta":{"footnotes":""},"categories":[2,9],"tags":[],"class_list":["post-1320","post","type-post","status-publish","format-standard","has-post-thumbnail","hentry","category-anciens-spectacles-amateurs","category-spectacles-amateurs"],"_links":{"self":[{"href":"https:\/\/cieatoutrompre.fr\/index.php\/wp-json\/wp\/v2\/posts\/1320","targetHints":{"allow":["GET"]}}],"collection":[{"href":"https:\/\/cieatoutrompre.fr\/index.php\/wp-json\/wp\/v2\/posts"}],"about":[{"href":"https:\/\/cieatoutrompre.fr\/index.php\/wp-json\/wp\/v2\/types\/post"}],"author":[{"embeddable":true,"href":"https:\/\/cieatoutrompre.fr\/index.php\/wp-json\/wp\/v2\/users\/1"}],"replies":[{"embeddable":true,"href":"https:\/\/cieatoutrompre.fr\/index.php\/wp-json\/wp\/v2\/comments?post=1320"}],"version-history":[{"count":8,"href":"https:\/\/cieatoutrompre.fr\/index.php\/wp-json\/wp\/v2\/posts\/1320\/revisions"}],"predecessor-version":[{"id":1593,"href":"https:\/\/cieatoutrompre.fr\/index.php\/wp-json\/wp\/v2\/posts\/1320\/revisions\/1593"}],"wp:featuredmedia":[{"embeddable":true,"href":"https:\/\/cieatoutrompre.fr\/index.php\/wp-json\/wp\/v2\/media\/1360"}],"wp:attachment":[{"href":"https:\/\/cieatoutrompre.fr\/index.php\/wp-json\/wp\/v2\/media?parent=1320"}],"wp:term":[{"taxonomy":"category","embeddable":true,"href":"https:\/\/cieatoutrompre.fr\/index.php\/wp-json\/wp\/v2\/categories?post=1320"},{"taxonomy":"post_tag","embeddable":true,"href":"https:\/\/cieatoutrompre.fr\/index.php\/wp-json\/wp\/v2\/tags?post=1320"}],"curies":[{"name":"wp","href":"https:\/\/api.w.org\/{rel}","templated":true}]}}